{"id":602,"date":"2021-11-30T10:46:00","date_gmt":"2021-11-30T13:46:00","guid":{"rendered":"https:\/\/summiteducacion.uc.cl\/noticias\/conoce-las-novedades-de-la-nueva-version-2022-del-summit-internacional-de-educacion-uc\/"},"modified":"2022-11-21T11:53:04","modified_gmt":"2022-11-21T14:53:04","slug":"conoce-las-novedades-de-la-nueva-version-2022-del-summit-internacional-de-educacion-uc","status":"publish","type":"noticias","link":"https:\/\/summiteducacion.uc.cl\/en\/noticias\/conoce-las-novedades-de-la-nueva-version-2022-del-summit-internacional-de-educacion-uc\/","title":{"rendered":"Conoce las novedades de la nueva versi\u00f3n 2022 del Summit Internacional de Educaci\u00f3n UC"},"content":{"rendered":"\n<p><em>Por segundo a\u00f1o consecutivo, la instancia apostar\u00e1 por el formato online para discutir sobre la contingencia en el \u00e1mbito acad\u00e9mico y educacional. El encuentro, que contar\u00e1 con representantes nacionales e internacionales expertos en el \u00e1rea, se desarrollar\u00e1 entre el 10 y 13 de enero de 2022.<\/em><\/p>\n\n\n\n<p>La educaci\u00f3n es uno de los sectores que se ha visto afectado gravemente a prop\u00f3sito de la pandemia del coronavirus. Seg\u00fan datos de la UNICEF, cerca de 168 millones de ni\u00f1os se vieron afectados con el cierre de sus escuelas a prop\u00f3sito del Covid-19.<\/p>\n\n\n\n<p>C\u00f3mo enfrentar \u00e9sta y otras situaciones de la educaci\u00f3n nacional y mundial son parte de los objetivos a dialogar en la pr\u00f3xima versi\u00f3n del #SummitEducaci\u00f3nUC, que se realizar\u00e1 del 10 al 13 de enero de 2022. \u201c\u201d Esta versi\u00f3n la hemos denominado \u201cUna mirada post pandemia o con pandemia\u201d, ya que quiz\u00e1s tenemos que acostumbrarnos a este entorno\u201d, afirma Patricio Donoso, Prorrector de Gesti\u00f3n Institucional y Presidente del Summit Internacional de Educaci\u00f3n.<\/p>\n\n\n\n<figure class=\"wp-block-embed is-type-video is-provider-youtube wp-block-embed-youtube wp-embed-aspect-16-9 wp-has-aspect-ratio\"><div class=\"wp-block-embed__wrapper\">\n<iframe loading=\"lazy\" title=\"Invitaci\u00f3n de Patricio Donoso al Summit Internacional de Educaci\u00f3n 2022\" width=\"640\" height=\"360\" src=\"https:\/\/www.youtube.com\/embed\/Yr19-SiR6wA?feature=oembed\" frameborder=\"0\" allow=\"accelerometer; autoplay; clipboard-write; encrypted-media; gyroscope; picture-in-picture; web-share\" referrerpolicy=\"strict-origin-when-cross-origin\" allowfullscreen><\/iframe>\n<\/div><\/figure>\n\n\n\n<p>Tal como en la versi\u00f3n 2021, el evento se llevar\u00e1 a cabo en un formato online, con inscripci\u00f3n previa y totalmente gratuita. Para participar debes ingresar tus datos aqu\u00ed. (https:\/\/inscripciones.summiteducacion.uc.cl\/)<\/p>\n\n\n\n<h4 class=\"wp-block-heading\">Jornadas<\/h4>\n\n\n\n<p>El Summit Internacional de Educaci\u00f3n se divide en dos grandes actividades: La XI Jornada Direcci\u00f3n y Liderazgo Escolar y la XVIII Jornada de Gesti\u00f3n de Educaci\u00f3n Superior.<\/p>\n\n\n\n<p>Las Jornadas de Direcci\u00f3n y Liderazgo Escolar completar\u00e1n once a\u00f1os de trayectoria en su pr\u00f3xima versi\u00f3n del 10 y 11 de enero, siendo la exigencia de los l\u00edderes escolares en la pandemia uno de sus principales enfoques. \u201cHan enfrentado situaciones exigentes, desafiantes y que tienen que ver con tensiones globales\u201d, explica Paulo Volante, Director Acad\u00e9mico de las Jornadas y Docente de la Facultad de Educaci\u00f3n UC.<\/p>\n\n\n\n<p>Por otro lado, las Jornadas de Gesti\u00f3n de Educaci\u00f3n Superior se realizar\u00e1n el 12 y 13 de enero, completando as\u00ed su versi\u00f3n n\u00famero dieciocho. Andr\u00e9s Bernasconi, director de esta actividad, afirma que, si bien la pandemia es uno de los temas a abordar, tambi\u00e9n hay un fuerte inter\u00e9s en las necesidades de los estudiantes. \u201cBuscamos resolver un tema que nos viene preocupando hace mucho tiempo en distintos \u00e1mbitos y que tiene como fin \u00faltimo la formaci\u00f3n integral del estudiante\u201d, argumenta el acad\u00e9mico.<\/p>\n\n\n\n<p>La instancia contar\u00e1 con la presencia de diferentes profesionales del mundo educacional, tanto nacionales como internacionales. Adem\u00e1s, el evento contar\u00e1 con la colaboraci\u00f3n de la Universidad de Pennsylvania y la Red Interamericana de Liderazgo Educacional (RILE).<\/p>\n\n\n\n<h4 class=\"wp-block-heading\">Actividades<\/h4>\n\n\n\n<p><strong>Conferencias internacionales:<\/strong> Las principales tendencias y desaf\u00edos en educaci\u00f3n escolar y superior ser\u00e1n expuestas por expertos internacionales de Asia, Am\u00e9rica y Europa.<\/p>\n\n\n\n<p><strong>Ponencias:<\/strong> En este espacio de colaboraci\u00f3n y aprendizaje, los participantes podr\u00e1n acceder on demand a c\u00e1psulas de video.<\/p>\n\n\n\n<p>Directivos y profesionales del \u00e1mbito escolar y de educaci\u00f3n superior compartir\u00e1n proyectos innovadores y sus resultados, experiencias en gesti\u00f3n educativa, inclusi\u00f3n, pr\u00e1cticas de liderazgo, inclusi\u00f3n y acompa\u00f1amiento acad\u00e9mico entre otras.<\/p>\n\n\n\n<p><strong>Caf\u00e9 virtual:<\/strong> Para conocer a profesionales y directivos que trabajan en \u00e1reas comunes se desarroll\u00f3 esta instancia. A trav\u00e9s de conversaciones informales organizadas tem\u00e1ticamente, los participantes compartir\u00e1n reflexiones y experiencias.<\/p>\n\n\n\n<p>Toda la informaci\u00f3n sobre el evento, participantes e inscripciones en <strong>summiteducacionuc.cl<\/strong><\/p>\n","protected":false},"featured_media":544,"template":"","temas":[23],"class_list":["post-602","noticias","type-noticias","status-publish","has-post-thumbnail","hentry","temas-noticia-en"],"acf":[],"yoast_head":"<!-- This site is optimized with the Yoast SEO plugin v25.4 - https:\/\/yoast.com\/wordpress\/plugins\/seo\/ -->\n<title>Conoce las novedades de la nueva versi\u00f3n 2022 del Summit Internacional de Educaci\u00f3n UC - Summit Internacional de Educaci\u00f3n UC<\/title>\n<meta name=\"robots\" content=\"index, follow, max-snippet:-1, max-image-preview:large, max-video-preview:-1\" \/>\n<link rel=\"canonical\" href=\"https:\/\/summiteducacion.uc.cl\/en\/noticias\/conoce-las-novedades-de-la-nueva-version-2022-del-summit-internacional-de-educacion-uc\/\" \/>\n<meta property=\"og:locale\" content=\"en_US\" \/>\n<meta property=\"og:type\" content=\"article\" \/>\n<meta property=\"og:title\" content=\"Conoce las novedades de la nueva versi\u00f3n 2022 del Summit Internacional de Educaci\u00f3n UC - Summit Internacional de Educaci\u00f3n UC\" \/>\n<meta property=\"og:description\" content=\"Por segundo a\u00f1o consecutivo, la instancia apostar\u00e1 por el formato online para discutir sobre la contingencia en el \u00e1mbito acad\u00e9mico y educacional. El encuentro, que contar\u00e1 con representantes nacionales e internacionales expertos en el \u00e1rea, se desarrollar\u00e1 entre el 10 y 13 de enero de 2022. La educaci\u00f3n es uno de los sectores que se [&hellip;]\" \/>\n<meta property=\"og:url\" content=\"https:\/\/summiteducacion.uc.cl\/en\/noticias\/conoce-las-novedades-de-la-nueva-version-2022-del-summit-internacional-de-educacion-uc\/\" \/>\n<meta property=\"og:site_name\" content=\"Summit Internacional de Educaci\u00f3n UC\" \/>\n<meta property=\"article:modified_time\" content=\"2022-11-21T14:53:04+00:00\" \/>\n<meta property=\"og:image\" content=\"https:\/\/summiteducacion.uc.cl\/wp-content\/uploads\/2022\/11\/DSC_7454-1024x683-1.jpg\" \/>\n\t<meta property=\"og:image:width\" content=\"1024\" \/>\n\t<meta property=\"og:image:height\" content=\"683\" \/>\n\t<meta property=\"og:image:type\" content=\"image\/jpeg\" \/>\n<meta name=\"twitter:card\" content=\"summary_large_image\" \/>\n<meta name=\"twitter:label1\" content=\"Est. reading time\" \/>\n\t<meta name=\"twitter:data1\" content=\"3 minutes\" \/>\n<script type=\"application\/ld+json\" class=\"yoast-schema-graph\">{\"@context\":\"https:\/\/schema.org\",\"@graph\":[{\"@type\":\"WebPage\",\"@id\":\"https:\/\/summiteducacion.uc.cl\/en\/noticias\/conoce-las-novedades-de-la-nueva-version-2022-del-summit-internacional-de-educacion-uc\/\",\"url\":\"https:\/\/summiteducacion.uc.cl\/en\/noticias\/conoce-las-novedades-de-la-nueva-version-2022-del-summit-internacional-de-educacion-uc\/\",\"name\":\"Conoce las novedades de la nueva versi\u00f3n 2022 del Summit Internacional de Educaci\u00f3n UC - Summit Internacional de Educaci\u00f3n UC\",\"isPartOf\":{\"@id\":\"https:\/\/summiteducacion.uc.cl\/en\/#website\"},\"primaryImageOfPage\":{\"@id\":\"https:\/\/summiteducacion.uc.cl\/en\/noticias\/conoce-las-novedades-de-la-nueva-version-2022-del-summit-internacional-de-educacion-uc\/#primaryimage\"},\"image\":{\"@id\":\"https:\/\/summiteducacion.uc.cl\/en\/noticias\/conoce-las-novedades-de-la-nueva-version-2022-del-summit-internacional-de-educacion-uc\/#primaryimage\"},\"thumbnailUrl\":\"https:\/\/summiteducacion.uc.cl\/wp-content\/uploads\/2022\/11\/DSC_7454-1024x683-1.jpg\",\"datePublished\":\"2021-11-30T13:46:00+00:00\",\"dateModified\":\"2022-11-21T14:53:04+00:00\",\"breadcrumb\":{\"@id\":\"https:\/\/summiteducacion.uc.cl\/en\/noticias\/conoce-las-novedades-de-la-nueva-version-2022-del-summit-internacional-de-educacion-uc\/#breadcrumb\"},\"inLanguage\":\"en-US\",\"potentialAction\":[{\"@type\":\"ReadAction\",\"target\":[\"https:\/\/summiteducacion.uc.cl\/en\/noticias\/conoce-las-novedades-de-la-nueva-version-2022-del-summit-internacional-de-educacion-uc\/\"]}]},{\"@type\":\"ImageObject\",\"inLanguage\":\"en-US\",\"@id\":\"https:\/\/summiteducacion.uc.cl\/en\/noticias\/conoce-las-novedades-de-la-nueva-version-2022-del-summit-internacional-de-educacion-uc\/#primaryimage\",\"url\":\"https:\/\/summiteducacion.uc.cl\/wp-content\/uploads\/2022\/11\/DSC_7454-1024x683-1.jpg\",\"contentUrl\":\"https:\/\/summiteducacion.uc.cl\/wp-content\/uploads\/2022\/11\/DSC_7454-1024x683-1.jpg\",\"width\":1024,\"height\":683},{\"@type\":\"BreadcrumbList\",\"@id\":\"https:\/\/summiteducacion.uc.cl\/en\/noticias\/conoce-las-novedades-de-la-nueva-version-2022-del-summit-internacional-de-educacion-uc\/#breadcrumb\",\"itemListElement\":[{\"@type\":\"ListItem\",\"position\":1,\"name\":\"Portada\",\"item\":\"https:\/\/summiteducacion.uc.cl\/en\/\"},{\"@type\":\"ListItem\",\"position\":2,\"name\":\"Noticias\",\"item\":\"https:\/\/summiteducacion.uc.cl\/en\/noticias\/\"},{\"@type\":\"ListItem\",\"position\":3,\"name\":\"Conoce las novedades de la nueva versi\u00f3n 2022 del Summit Internacional de Educaci\u00f3n UC\"}]},{\"@type\":\"WebSite\",\"@id\":\"https:\/\/summiteducacion.uc.cl\/en\/#website\",\"url\":\"https:\/\/summiteducacion.uc.cl\/en\/\",\"name\":\"Summit Internacional de Educaci\u00f3n UC\",\"description\":\"Inteligencia artificial en la educaci\u00f3n\",\"potentialAction\":[{\"@type\":\"SearchAction\",\"target\":{\"@type\":\"EntryPoint\",\"urlTemplate\":\"https:\/\/summiteducacion.uc.cl\/en\/?s={search_term_string}\"},\"query-input\":{\"@type\":\"PropertyValueSpecification\",\"valueRequired\":true,\"valueName\":\"search_term_string\"}}],\"inLanguage\":\"en-US\"}]}<\/script>\n<!-- \/ Yoast SEO plugin. -->","yoast_head_json":{"title":"Conoce las novedades de la nueva versi\u00f3n 2022 del Summit Internacional de Educaci\u00f3n UC - Summit Internacional de Educaci\u00f3n UC","robots":{"index":"index","follow":"follow","max-snippet":"max-snippet:-1","max-image-preview":"max-image-preview:large","max-video-preview":"max-video-preview:-1"},"canonical":"https:\/\/summiteducacion.uc.cl\/en\/noticias\/conoce-las-novedades-de-la-nueva-version-2022-del-summit-internacional-de-educacion-uc\/","og_locale":"en_US","og_type":"article","og_title":"Conoce las novedades de la nueva versi\u00f3n 2022 del Summit Internacional de Educaci\u00f3n UC - Summit Internacional de Educaci\u00f3n UC","og_description":"Por segundo a\u00f1o consecutivo, la instancia apostar\u00e1 por el formato online para discutir sobre la contingencia en el \u00e1mbito acad\u00e9mico y educacional. El encuentro, que contar\u00e1 con representantes nacionales e internacionales expertos en el \u00e1rea, se desarrollar\u00e1 entre el 10 y 13 de enero de 2022. La educaci\u00f3n es uno de los sectores que se [&hellip;]","og_url":"https:\/\/summiteducacion.uc.cl\/en\/noticias\/conoce-las-novedades-de-la-nueva-version-2022-del-summit-internacional-de-educacion-uc\/","og_site_name":"Summit Internacional de Educaci\u00f3n UC","article_modified_time":"2022-11-21T14:53:04+00:00","og_image":[{"width":1024,"height":683,"url":"https:\/\/summiteducacion.uc.cl\/wp-content\/uploads\/2022\/11\/DSC_7454-1024x683-1.jpg","type":"image\/jpeg"}],"twitter_card":"summary_large_image","twitter_misc":{"Est. reading time":"3 minutes"},"schema":{"@context":"https:\/\/schema.org","@graph":[{"@type":"WebPage","@id":"https:\/\/summiteducacion.uc.cl\/en\/noticias\/conoce-las-novedades-de-la-nueva-version-2022-del-summit-internacional-de-educacion-uc\/","url":"https:\/\/summiteducacion.uc.cl\/en\/noticias\/conoce-las-novedades-de-la-nueva-version-2022-del-summit-internacional-de-educacion-uc\/","name":"Conoce las novedades de la nueva versi\u00f3n 2022 del Summit Internacional de Educaci\u00f3n UC - Summit Internacional de Educaci\u00f3n UC","isPartOf":{"@id":"https:\/\/summiteducacion.uc.cl\/en\/#website"},"primaryImageOfPage":{"@id":"https:\/\/summiteducacion.uc.cl\/en\/noticias\/conoce-las-novedades-de-la-nueva-version-2022-del-summit-internacional-de-educacion-uc\/#primaryimage"},"image":{"@id":"https:\/\/summiteducacion.uc.cl\/en\/noticias\/conoce-las-novedades-de-la-nueva-version-2022-del-summit-internacional-de-educacion-uc\/#primaryimage"},"thumbnailUrl":"https:\/\/summiteducacion.uc.cl\/wp-content\/uploads\/2022\/11\/DSC_7454-1024x683-1.jpg","datePublished":"2021-11-30T13:46:00+00:00","dateModified":"2022-11-21T14:53:04+00:00","breadcrumb":{"@id":"https:\/\/summiteducacion.uc.cl\/en\/noticias\/conoce-las-novedades-de-la-nueva-version-2022-del-summit-internacional-de-educacion-uc\/#breadcrumb"},"inLanguage":"en-US","potentialAction":[{"@type":"ReadAction","target":["https:\/\/summiteducacion.uc.cl\/en\/noticias\/conoce-las-novedades-de-la-nueva-version-2022-del-summit-internacional-de-educacion-uc\/"]}]},{"@type":"ImageObject","inLanguage":"en-US","@id":"https:\/\/summiteducacion.uc.cl\/en\/noticias\/conoce-las-novedades-de-la-nueva-version-2022-del-summit-internacional-de-educacion-uc\/#primaryimage","url":"https:\/\/summiteducacion.uc.cl\/wp-content\/uploads\/2022\/11\/DSC_7454-1024x683-1.jpg","contentUrl":"https:\/\/summiteducacion.uc.cl\/wp-content\/uploads\/2022\/11\/DSC_7454-1024x683-1.jpg","width":1024,"height":683},{"@type":"BreadcrumbList","@id":"https:\/\/summiteducacion.uc.cl\/en\/noticias\/conoce-las-novedades-de-la-nueva-version-2022-del-summit-internacional-de-educacion-uc\/#breadcrumb","itemListElement":[{"@type":"ListItem","position":1,"name":"Portada","item":"https:\/\/summiteducacion.uc.cl\/en\/"},{"@type":"ListItem","position":2,"name":"Noticias","item":"https:\/\/summiteducacion.uc.cl\/en\/noticias\/"},{"@type":"ListItem","position":3,"name":"Conoce las novedades de la nueva versi\u00f3n 2022 del Summit Internacional de Educaci\u00f3n UC"}]},{"@type":"WebSite","@id":"https:\/\/summiteducacion.uc.cl\/en\/#website","url":"https:\/\/summiteducacion.uc.cl\/en\/","name":"Summit Internacional de Educaci\u00f3n UC","description":"Inteligencia artificial en la educaci\u00f3n","potentialAction":[{"@type":"SearchAction","target":{"@type":"EntryPoint","urlTemplate":"https:\/\/summiteducacion.uc.cl\/en\/?s={search_term_string}"},"query-input":{"@type":"PropertyValueSpecification","valueRequired":true,"valueName":"search_term_string"}}],"inLanguage":"en-US"}]}},"_links":{"self":[{"href":"https:\/\/summiteducacion.uc.cl\/en\/wp-json\/wp\/v2\/noticias\/602","targetHints":{"allow":["GET"]}}],"collection":[{"href":"https:\/\/summiteducacion.uc.cl\/en\/wp-json\/wp\/v2\/noticias"}],"about":[{"href":"https:\/\/summiteducacion.uc.cl\/en\/wp-json\/wp\/v2\/types\/noticias"}],"wp:featuredmedia":[{"embeddable":true,"href":"https:\/\/summiteducacion.uc.cl\/en\/wp-json\/wp\/v2\/media\/544"}],"wp:attachment":[{"href":"https:\/\/summiteducacion.uc.cl\/en\/wp-json\/wp\/v2\/media?parent=602"}],"wp:term":[{"taxonomy":"temas","embeddable":true,"href":"https:\/\/summiteducacion.uc.cl\/en\/wp-json\/wp\/v2\/temas?post=602"}],"curies":[{"name":"wp","href":"https:\/\/api.w.org\/{rel}","templated":true}]}}