{"id":551,"date":"2022-01-29T11:07:00","date_gmt":"2022-01-29T14:07:00","guid":{"rendered":"https:\/\/summiteducacion.uc.cl\/noticias\/summit-de-educacion-uc-convoca-a-mas-de-3-mil-inscritos-en-su-version-2022\/"},"modified":"2023-10-04T12:17:19","modified_gmt":"2023-10-04T15:17:19","slug":"summit-de-educacion-uc-convoca-a-mas-de-3-mil-inscritos-en-su-version-2022","status":"publish","type":"noticias","link":"https:\/\/summiteducacion.uc.cl\/en\/noticias\/summit-de-educacion-uc-convoca-a-mas-de-3-mil-inscritos-en-su-version-2022\/","title":{"rendered":"Summit de Educaci\u00f3n UC convoca a m\u00e1s de 3 mil inscritos en su versi\u00f3n 2022"},"content":{"rendered":"\n<figure class=\"wp-block-image size-full\"><img loading=\"lazy\" decoding=\"async\" width=\"1024\" height=\"576\" src=\"https:\/\/summiteducacion.uc.cl\/wp-content\/uploads\/2022\/10\/WhatsApp-Image-2022-01-26-at-17.04.25-2-1024x576-2.jpeg\" alt=\"\" class=\"wp-image-382\" srcset=\"https:\/\/summiteducacion.uc.cl\/wp-content\/uploads\/2022\/10\/WhatsApp-Image-2022-01-26-at-17.04.25-2-1024x576-2.jpeg 1024w, https:\/\/summiteducacion.uc.cl\/wp-content\/uploads\/2022\/10\/WhatsApp-Image-2022-01-26-at-17.04.25-2-1024x576-2-300x169.jpeg 300w, https:\/\/summiteducacion.uc.cl\/wp-content\/uploads\/2022\/10\/WhatsApp-Image-2022-01-26-at-17.04.25-2-1024x576-2-768x432.jpeg 768w\" sizes=\"auto, (max-width: 1024px) 100vw, 1024px\" \/><figcaption class=\"wp-element-caption\">Por segundo a\u00f1o consecutivo el evento apost\u00f3 por el formato digital, que durante cuatro d\u00edas, recibi\u00f3 la visita remota de diferentes actores del mundo acad\u00e9mico. La instancia cont\u00f3 con la presencia de autoridades como el rector UC, Ignacio S\u00e1nchez y el ministro de educaci\u00f3n, Ra\u00fal Figueroa.<\/figcaption><\/figure>\n\n\n\n<p>El pasado 10 de enero, desde el Centro de Extensi\u00f3n UC, se realiz\u00f3 la inauguraci\u00f3n virtual de la versi\u00f3n 2022 del Summit Internacional de Educaci\u00f3n UC. El evento convoc\u00f3 a m\u00e1s de 3.200 personas de diversas partes del mundo con el fin de dialogar y compartir sobre diversas tem\u00e1ticas que afectan la contingencia del mundo educativo, tanto a nivel escolar como superior.<\/p>\n\n\n\n<p>Durante la ceremonia inicial que dio el vamos a las XI Jornadas Interamericanas de Liderazgo y Direcci\u00f3n, el rector UC Ignacio S\u00e1nchez dio la bienvenida a todos los participantes, destacando la trayectoria del Summit, que ya cumple 18 a\u00f1os de existencia. \u201cSe han posicionado como una tradici\u00f3n que cada mes de enero convoca progresivamente a m\u00e1s y m\u00e1s participantes, tanto de Chile como de las Am\u00e9ricas\u201d.<\/p>\n\n\n\n<p>Uno de los temas abordados y que definieron la \u00faltima versi\u00f3n de este encuentro fue los efectos de la pandemia en las aulas de clases. En esa l\u00ednea, el ministro de Educaci\u00f3n Ra\u00fal Figueroa destac\u00f3 la importancia de la labor de los equipos directivos de las escuelas en la r\u00e1pida reacci\u00f3n respecto a la imposibilidad de realizar clases presenciales. \u201cChile ha hecho un trabajo durante esta pandemia que yo creo que el tiempo va a reconocer con fuerza, que ha apuntado precisamente a la capacidad de reacci\u00f3n frente a las dificultades\u201d, afirm\u00f3 el jefe de la cantera de educaci\u00f3n.<\/p>\n\n\n\n<p>Otras de las tem\u00e1ticas abordadas durante los cuatro d\u00edas que se desarroll\u00f3 el evento se encuentra la elaboraci\u00f3n de programas educativos centrados en el estudiante, la confluencia de equipos para la organizaci\u00f3n educativa y la justicia social en la educaci\u00f3n.<\/p>\n\n\n\n<p>Uno de los objetivos del evento es que estos temas se analicen desde una perspectiva de la experiencia, donde las personas que viven en este entorno educativo puedan compartir sus vivencias, problemas y soluciones. En ese sentido destaca la amplia convocatoria que result\u00f3 en m\u00e1s de 3.200 visitas con representantes de Chile y el mundo. Destaca la presencia de pa\u00edses como Per\u00fa y Estados Unidos que fueron los que m\u00e1s personas tuvieron en participaci\u00f3n fuera del organizador.<\/p>\n\n\n\n<p>Dentro de las actividades que conformaron el Summit, destacan las presentaciones de nueve conferencias internacionales, cuarenta ponencias con experiencias educativas en formato on demand, caf\u00e9s virtuales, el lanzamiento de un libro y dos paneles de discusi\u00f3n.<\/p>\n\n\n\n<p>\u201c60% de los conectados del extranjero\u201d.<\/p>\n\n\n\n<p>Enfatizar roles de directores, directoras y sus equipos<\/p>\n\n\n\n<p>\u201cEstamos hablando de un rol clave, . pues su influencia en nuestras escuelas es casi tan importante como la que ejercen cientos de miles de profesores a trav\u00e9s de su ense\u00f1anza en las aulas\u201d.<\/p>\n\n\n\n<p>Colaboraci\u00f3n docente: Pr\u00e1ctica clave de desarrollo profesional y un elemento importante para enriquecer la experiencia estudiantil.<\/p>\n\n\n\n<p>Justicia social: todos puedan aprender sin importar origen<\/p>\n\n\n\n<p>Coherencia: C\u00f3mo los diferentes niveles confluyen para la organizaci\u00f3n educativa<\/p>\n\n\n\n<p>RF<\/p>\n\n\n\n<p>Lo clave que ha sido esta labor durante la pandemia.<\/p>\n\n\n\n<p>Desaf\u00edos de la pol\u00edtica p\u00fablica.<\/p>\n\n\n\n<p>La continuidad<\/p>\n\n\n\n<p>\u201cChile ha hecho un trabajo durante la pandemia que ha apuntado a la capacidad de reacci\u00f3n frente a las dificultades que el covid instaur\u00f3 en nuestro sistema.<\/p>\n\n\n\n<p>No solo puede aportar evidencias sino que tambi\u00e9n la posibilidad de comparar, meditar y dise\u00f1ar nuevas pol\u00edticas a nivel local para enfrentar de mejor manera los problemas que vienen que tienen que ver con c\u00f3mo recuperar los efectos tan complejos del covid, tanto en el sistema como los estudiantes (aprendizaje y socioemocional).<\/p>\n\n\n\n<p>PD<\/p>\n\n\n\n<p>Cinco l\u00edneas tem\u00e1ticas y con facilitadores para la conversaci\u00f3n.<\/p>\n\n\n\n<p>\u201c150 POSTULACIONES DE PONENCIAS<\/p>\n\n\n\n<p>19 ponencias<\/p>\n","protected":false},"featured_media":520,"template":"","temas":[23],"class_list":["post-551","noticias","type-noticias","status-publish","has-post-thumbnail","hentry","temas-noticia-en"],"acf":[],"yoast_head":"<!-- This site is optimized with the Yoast SEO plugin v25.4 - https:\/\/yoast.com\/wordpress\/plugins\/seo\/ -->\n<title>Summit de Educaci\u00f3n UC convoca a m\u00e1s de 3 mil inscritos en su versi\u00f3n 2022 - Summit Internacional de Educaci\u00f3n UC<\/title>\n<meta name=\"robots\" content=\"index, follow, max-snippet:-1, max-image-preview:large, max-video-preview:-1\" \/>\n<link rel=\"canonical\" href=\"https:\/\/summiteducacion.uc.cl\/en\/noticias\/summit-de-educacion-uc-convoca-a-mas-de-3-mil-inscritos-en-su-version-2022\/\" \/>\n<meta property=\"og:locale\" content=\"en_US\" \/>\n<meta property=\"og:type\" content=\"article\" \/>\n<meta property=\"og:title\" content=\"Summit de Educaci\u00f3n UC convoca a m\u00e1s de 3 mil inscritos en su versi\u00f3n 2022 - Summit Internacional de Educaci\u00f3n UC\" \/>\n<meta property=\"og:description\" content=\"El pasado 10 de enero, desde el Centro de Extensi\u00f3n UC, se realiz\u00f3 la inauguraci\u00f3n virtual de la versi\u00f3n 2022 del Summit Internacional de Educaci\u00f3n UC. El evento convoc\u00f3 a m\u00e1s de 3.200 personas de diversas partes del mundo con el fin de dialogar y compartir sobre diversas tem\u00e1ticas que afectan la contingencia del mundo [&hellip;]\" \/>\n<meta property=\"og:url\" content=\"https:\/\/summiteducacion.uc.cl\/en\/noticias\/summit-de-educacion-uc-convoca-a-mas-de-3-mil-inscritos-en-su-version-2022\/\" \/>\n<meta property=\"og:site_name\" content=\"Summit Internacional de Educaci\u00f3n UC\" \/>\n<meta property=\"article:modified_time\" content=\"2023-10-04T15:17:19+00:00\" \/>\n<meta property=\"og:image\" content=\"https:\/\/summiteducacion.uc.cl\/wp-content\/uploads\/2022\/10\/WhatsApp-Image-2022-01-26-at-17.04.25-2-1024x576-1.jpeg\" \/>\n\t<meta property=\"og:image:width\" content=\"1024\" \/>\n\t<meta property=\"og:image:height\" content=\"576\" \/>\n\t<meta property=\"og:image:type\" content=\"image\/jpeg\" \/>\n<meta name=\"twitter:card\" content=\"summary_large_image\" \/>\n<meta name=\"twitter:label1\" content=\"Est. reading time\" \/>\n\t<meta name=\"twitter:data1\" content=\"3 minutes\" \/>\n<script type=\"application\/ld+json\" class=\"yoast-schema-graph\">{\"@context\":\"https:\/\/schema.org\",\"@graph\":[{\"@type\":\"WebPage\",\"@id\":\"https:\/\/summiteducacion.uc.cl\/en\/noticias\/summit-de-educacion-uc-convoca-a-mas-de-3-mil-inscritos-en-su-version-2022\/\",\"url\":\"https:\/\/summiteducacion.uc.cl\/en\/noticias\/summit-de-educacion-uc-convoca-a-mas-de-3-mil-inscritos-en-su-version-2022\/\",\"name\":\"Summit de Educaci\u00f3n UC convoca a m\u00e1s de 3 mil inscritos en su versi\u00f3n 2022 - Summit Internacional de Educaci\u00f3n UC\",\"isPartOf\":{\"@id\":\"https:\/\/summiteducacion.uc.cl\/en\/#website\"},\"primaryImageOfPage\":{\"@id\":\"https:\/\/summiteducacion.uc.cl\/en\/noticias\/summit-de-educacion-uc-convoca-a-mas-de-3-mil-inscritos-en-su-version-2022\/#primaryimage\"},\"image\":{\"@id\":\"https:\/\/summiteducacion.uc.cl\/en\/noticias\/summit-de-educacion-uc-convoca-a-mas-de-3-mil-inscritos-en-su-version-2022\/#primaryimage\"},\"thumbnailUrl\":\"https:\/\/summiteducacion.uc.cl\/wp-content\/uploads\/2022\/10\/WhatsApp-Image-2022-01-26-at-17.04.25-2-1024x576-1.jpeg\",\"datePublished\":\"2022-01-29T14:07:00+00:00\",\"dateModified\":\"2023-10-04T15:17:19+00:00\",\"breadcrumb\":{\"@id\":\"https:\/\/summiteducacion.uc.cl\/en\/noticias\/summit-de-educacion-uc-convoca-a-mas-de-3-mil-inscritos-en-su-version-2022\/#breadcrumb\"},\"inLanguage\":\"en-US\",\"potentialAction\":[{\"@type\":\"ReadAction\",\"target\":[\"https:\/\/summiteducacion.uc.cl\/en\/noticias\/summit-de-educacion-uc-convoca-a-mas-de-3-mil-inscritos-en-su-version-2022\/\"]}]},{\"@type\":\"ImageObject\",\"inLanguage\":\"en-US\",\"@id\":\"https:\/\/summiteducacion.uc.cl\/en\/noticias\/summit-de-educacion-uc-convoca-a-mas-de-3-mil-inscritos-en-su-version-2022\/#primaryimage\",\"url\":\"https:\/\/summiteducacion.uc.cl\/wp-content\/uploads\/2022\/10\/WhatsApp-Image-2022-01-26-at-17.04.25-2-1024x576-1.jpeg\",\"contentUrl\":\"https:\/\/summiteducacion.uc.cl\/wp-content\/uploads\/2022\/10\/WhatsApp-Image-2022-01-26-at-17.04.25-2-1024x576-1.jpeg\",\"width\":1024,\"height\":576},{\"@type\":\"BreadcrumbList\",\"@id\":\"https:\/\/summiteducacion.uc.cl\/en\/noticias\/summit-de-educacion-uc-convoca-a-mas-de-3-mil-inscritos-en-su-version-2022\/#breadcrumb\",\"itemListElement\":[{\"@type\":\"ListItem\",\"position\":1,\"name\":\"Portada\",\"item\":\"https:\/\/summiteducacion.uc.cl\/en\/\"},{\"@type\":\"ListItem\",\"position\":2,\"name\":\"Noticias\",\"item\":\"https:\/\/summiteducacion.uc.cl\/en\/noticias\/\"},{\"@type\":\"ListItem\",\"position\":3,\"name\":\"Summit de Educaci\u00f3n UC convoca a m\u00e1s de 3 mil inscritos en su versi\u00f3n 2022\"}]},{\"@type\":\"WebSite\",\"@id\":\"https:\/\/summiteducacion.uc.cl\/en\/#website\",\"url\":\"https:\/\/summiteducacion.uc.cl\/en\/\",\"name\":\"Summit Internacional de Educaci\u00f3n UC\",\"description\":\"Inteligencia artificial en la educaci\u00f3n\",\"potentialAction\":[{\"@type\":\"SearchAction\",\"target\":{\"@type\":\"EntryPoint\",\"urlTemplate\":\"https:\/\/summiteducacion.uc.cl\/en\/?s={search_term_string}\"},\"query-input\":{\"@type\":\"PropertyValueSpecification\",\"valueRequired\":true,\"valueName\":\"search_term_string\"}}],\"inLanguage\":\"en-US\"}]}<\/script>\n<!-- \/ Yoast SEO plugin. -->","yoast_head_json":{"title":"Summit de Educaci\u00f3n UC convoca a m\u00e1s de 3 mil inscritos en su versi\u00f3n 2022 - Summit Internacional de Educaci\u00f3n UC","robots":{"index":"index","follow":"follow","max-snippet":"max-snippet:-1","max-image-preview":"max-image-preview:large","max-video-preview":"max-video-preview:-1"},"canonical":"https:\/\/summiteducacion.uc.cl\/en\/noticias\/summit-de-educacion-uc-convoca-a-mas-de-3-mil-inscritos-en-su-version-2022\/","og_locale":"en_US","og_type":"article","og_title":"Summit de Educaci\u00f3n UC convoca a m\u00e1s de 3 mil inscritos en su versi\u00f3n 2022 - Summit Internacional de Educaci\u00f3n UC","og_description":"El pasado 10 de enero, desde el Centro de Extensi\u00f3n UC, se realiz\u00f3 la inauguraci\u00f3n virtual de la versi\u00f3n 2022 del Summit Internacional de Educaci\u00f3n UC. El evento convoc\u00f3 a m\u00e1s de 3.200 personas de diversas partes del mundo con el fin de dialogar y compartir sobre diversas tem\u00e1ticas que afectan la contingencia del mundo [&hellip;]","og_url":"https:\/\/summiteducacion.uc.cl\/en\/noticias\/summit-de-educacion-uc-convoca-a-mas-de-3-mil-inscritos-en-su-version-2022\/","og_site_name":"Summit Internacional de Educaci\u00f3n UC","article_modified_time":"2023-10-04T15:17:19+00:00","og_image":[{"width":1024,"height":576,"url":"https:\/\/summiteducacion.uc.cl\/wp-content\/uploads\/2022\/10\/WhatsApp-Image-2022-01-26-at-17.04.25-2-1024x576-1.jpeg","type":"image\/jpeg"}],"twitter_card":"summary_large_image","twitter_misc":{"Est. reading time":"3 minutes"},"schema":{"@context":"https:\/\/schema.org","@graph":[{"@type":"WebPage","@id":"https:\/\/summiteducacion.uc.cl\/en\/noticias\/summit-de-educacion-uc-convoca-a-mas-de-3-mil-inscritos-en-su-version-2022\/","url":"https:\/\/summiteducacion.uc.cl\/en\/noticias\/summit-de-educacion-uc-convoca-a-mas-de-3-mil-inscritos-en-su-version-2022\/","name":"Summit de Educaci\u00f3n UC convoca a m\u00e1s de 3 mil inscritos en su versi\u00f3n 2022 - Summit Internacional de Educaci\u00f3n UC","isPartOf":{"@id":"https:\/\/summiteducacion.uc.cl\/en\/#website"},"primaryImageOfPage":{"@id":"https:\/\/summiteducacion.uc.cl\/en\/noticias\/summit-de-educacion-uc-convoca-a-mas-de-3-mil-inscritos-en-su-version-2022\/#primaryimage"},"image":{"@id":"https:\/\/summiteducacion.uc.cl\/en\/noticias\/summit-de-educacion-uc-convoca-a-mas-de-3-mil-inscritos-en-su-version-2022\/#primaryimage"},"thumbnailUrl":"https:\/\/summiteducacion.uc.cl\/wp-content\/uploads\/2022\/10\/WhatsApp-Image-2022-01-26-at-17.04.25-2-1024x576-1.jpeg","datePublished":"2022-01-29T14:07:00+00:00","dateModified":"2023-10-04T15:17:19+00:00","breadcrumb":{"@id":"https:\/\/summiteducacion.uc.cl\/en\/noticias\/summit-de-educacion-uc-convoca-a-mas-de-3-mil-inscritos-en-su-version-2022\/#breadcrumb"},"inLanguage":"en-US","potentialAction":[{"@type":"ReadAction","target":["https:\/\/summiteducacion.uc.cl\/en\/noticias\/summit-de-educacion-uc-convoca-a-mas-de-3-mil-inscritos-en-su-version-2022\/"]}]},{"@type":"ImageObject","inLanguage":"en-US","@id":"https:\/\/summiteducacion.uc.cl\/en\/noticias\/summit-de-educacion-uc-convoca-a-mas-de-3-mil-inscritos-en-su-version-2022\/#primaryimage","url":"https:\/\/summiteducacion.uc.cl\/wp-content\/uploads\/2022\/10\/WhatsApp-Image-2022-01-26-at-17.04.25-2-1024x576-1.jpeg","contentUrl":"https:\/\/summiteducacion.uc.cl\/wp-content\/uploads\/2022\/10\/WhatsApp-Image-2022-01-26-at-17.04.25-2-1024x576-1.jpeg","width":1024,"height":576},{"@type":"BreadcrumbList","@id":"https:\/\/summiteducacion.uc.cl\/en\/noticias\/summit-de-educacion-uc-convoca-a-mas-de-3-mil-inscritos-en-su-version-2022\/#breadcrumb","itemListElement":[{"@type":"ListItem","position":1,"name":"Portada","item":"https:\/\/summiteducacion.uc.cl\/en\/"},{"@type":"ListItem","position":2,"name":"Noticias","item":"https:\/\/summiteducacion.uc.cl\/en\/noticias\/"},{"@type":"ListItem","position":3,"name":"Summit de Educaci\u00f3n UC convoca a m\u00e1s de 3 mil inscritos en su versi\u00f3n 2022"}]},{"@type":"WebSite","@id":"https:\/\/summiteducacion.uc.cl\/en\/#website","url":"https:\/\/summiteducacion.uc.cl\/en\/","name":"Summit Internacional de Educaci\u00f3n UC","description":"Inteligencia artificial en la educaci\u00f3n","potentialAction":[{"@type":"SearchAction","target":{"@type":"EntryPoint","urlTemplate":"https:\/\/summiteducacion.uc.cl\/en\/?s={search_term_string}"},"query-input":{"@type":"PropertyValueSpecification","valueRequired":true,"valueName":"search_term_string"}}],"inLanguage":"en-US"}]}},"_links":{"self":[{"href":"https:\/\/summiteducacion.uc.cl\/en\/wp-json\/wp\/v2\/noticias\/551","targetHints":{"allow":["GET"]}}],"collection":[{"href":"https:\/\/summiteducacion.uc.cl\/en\/wp-json\/wp\/v2\/noticias"}],"about":[{"href":"https:\/\/summiteducacion.uc.cl\/en\/wp-json\/wp\/v2\/types\/noticias"}],"wp:featuredmedia":[{"embeddable":true,"href":"https:\/\/summiteducacion.uc.cl\/en\/wp-json\/wp\/v2\/media\/520"}],"wp:attachment":[{"href":"https:\/\/summiteducacion.uc.cl\/en\/wp-json\/wp\/v2\/media?parent=551"}],"wp:term":[{"taxonomy":"temas","embeddable":true,"href":"https:\/\/summiteducacion.uc.cl\/en\/wp-json\/wp\/v2\/temas?post=551"}],"curies":[{"name":"wp","href":"https:\/\/api.w.org\/{rel}","templated":true}]}}